{"id":1261,"date":"2019-09-11T13:54:25","date_gmt":"2019-09-11T16:54:25","guid":{"rendered":"http:\/\/www.ricardomartin.com.br\/?p=1261"},"modified":"2020-01-28T15:25:34","modified_gmt":"2020-01-28T18:25:34","slug":"como-e-cirurgia-refrativa-entenda-o-tratamento","status":"publish","type":"post","link":"https:\/\/www.ricardomartin.com.br\/?p=1261","title":{"rendered":"Como \u00e9 Cirurgia Refrativa: entenda o tratamento"},"content":{"rendered":"<p><span style=\"font-weight: 400;\">Voc\u00ea sabia que \u00e9 poss\u00edvel se ver livre dos \u00f3culos de grau e das lentes de contato? Com a tecnologia e com o avan\u00e7o da medicina, surgiu no mercado a Cirurgia Refrativa. J\u00e1 ouviu falar sobre ela? Nesse blog vamos te apresentar tudo que voc\u00ea precisa saber sobre esse procedimento que garante a corre\u00e7\u00e3o do seu grau.&nbsp;<\/span><\/p>\n<h1><strong>O que a Cirurgia Refrativa trata?<\/strong><\/h1>\n<p><a href=\"http:\/\/www.ricardomartin.com.br\/blog\/quando-luz-incomoda-e-prejudica-visao-e-preciso-ficar-atento\/\" target=\"_blank\" rel=\"noopener noreferrer\"><span style=\"font-weight: 400;\">O contato do olho com a luz<\/span><\/a><span style=\"font-weight: 400;\"> pode ser caracterizado como o fen\u00f4meno de refra\u00e7\u00e3o, isto \u00e9, quando a luz avan\u00e7a da atmosfera para a \u00e1rea do olho. \u00c9 muito comum que as pessoas sejam diagnosticadas com alguns desvios durante esse processo de refra\u00e7\u00e3o. Quando um indiv\u00edduo n\u00e3o consegue ter uma vis\u00e3o focalizada e enxergar com nitidez, dizemos que ele \u00e9 portador de algum v\u00edcio de refra\u00e7\u00e3o.&nbsp;<\/span><\/p>\n<p><span style=\"font-weight: 400;\">Os v\u00edcios de refra\u00e7\u00e3o s\u00e3o comumente chamados de miopia, hipermetropia, presbiopia e astigmatismo. \u00c9 para tratar desses v\u00edcios que surgiu a Cirurgia Refrativa. O procedimento \u00e9 simples, indolor, seguro e tem sido uma das cirurgias dos olhos mais procurados atualmente.<\/span><\/p>\n<h1><strong>Indica\u00e7\u00f5es para a Cirurgia Refrativa<\/strong><\/h1>\n<p><span style=\"font-weight: 400;\">O tratamento \u00e9 indicado para pacientes que tenha idade acima de 18 anos, desde que se constate estabiliza\u00e7\u00e3o do grau, isto \u00e9, quando n\u00e3o h\u00e1 varia\u00e7\u00e3o maior que 1 grau durante um ano.&nbsp;<\/span><\/p>\n<p><span style=\"font-weight: 400;\">Quando o paciente tem mais de 40 anos, \u00e9 feita uma soma do grau de longe com o grau de perto, considerando a possibilidade do uso de \u00f3culos ap\u00f3s o tratamento para certas atividade, como para ler, por exemplo.<\/span><\/p>\n<h1><strong>Contra-indica\u00e7\u00f5es para a Cirurgia Refrativa<\/strong><\/h1>\n<p><span style=\"font-weight: 400;\">Entre as <\/span><a href=\"http:\/\/www.ricardomartin.com.br\/blog\/quais-sao-as-contraindicacoes-para-cirurgia-refrativa\/\" target=\"_blank\" rel=\"noopener noreferrer\"><span style=\"font-weight: 400;\">contra-indica\u00e7\u00f5es<\/span><\/a><span style=\"font-weight: 400;\"> para a realiza\u00e7\u00e3o do procedimento est\u00e3o:<\/span><\/p>\n<ul>\n<li style=\"font-weight: 400;\"><span style=\"font-weight: 400;\">Gravidez;<\/span><\/li>\n<li style=\"font-weight: 400;\"><a href=\"http:\/\/www.ricardomartin.com.br\/blog\/tratamentos-para-o-ceratocone\/\" target=\"_blank\" rel=\"noopener noreferrer\"><span style=\"font-weight: 400;\">Ceratocone<\/span><\/a><span style=\"font-weight: 400;\">, uma deformidade e afinamento da c\u00f3rnea;<\/span><\/li>\n<li style=\"font-weight: 400;\"><span style=\"font-weight: 400;\">Contamina\u00e7\u00e3o de alguma doen\u00e7a ocular infecciosa, como conjuntivite e ceratite.<\/span><\/li>\n<\/ul>\n<h1><strong>T\u00e9cnicas para realizar o procedimento<\/strong><\/h1>\n<p><span style=\"font-weight: 400;\">O tratamento consiste na remodela\u00e7\u00e3o da c\u00f3rnea para corrigir o desvio da refra\u00e7\u00e3o, seja decorrente da miopia, da hipermetropia, da presbiopia ou do astigmatismo. A Cl\u00ednica de Olhos e Microcirurgia Dr. Ricardo Martin oferece duas t\u00e9cnicas para a realiza\u00e7\u00e3o da Cirurgia Refrativa. S\u00e3o elas:<\/span><\/p>\n<h2><strong>PRK Transepitelial<\/strong><\/h2>\n<p><span style=\"font-weight: 400;\">Na t\u00e9cnica PRK a primeira etapa, ap\u00f3s a aplica\u00e7\u00e3o do col\u00edrio anest\u00e9sico, consiste na remo\u00e7\u00e3o do epit\u00e9lio, uma camada fina de c\u00e9lulas do tecido corneano. Ap\u00f3s a remo\u00e7\u00e3o, \u00e9 feita a aplica\u00e7\u00e3o do laser e de uma lente de contato gelatinosa terap\u00eautica, que \u00e9 retirada ap\u00f3s 7 dias, aproximadamente.<\/span><\/p>\n<h2><strong>LASIK com laser de Femtosegundo<\/strong><\/h2>\n<p><span style=\"font-weight: 400;\">Assim como na t\u00e9cnica PRK, o primeiro momento da t\u00e9cnica LASIK \u00e9 o procedimento de anestesia t\u00f3pica com col\u00edrio. Em seguida, o cirurgi\u00e3o faz um \u201cFlap Corneano\u201d com o laser de femtosegundo. O pr\u00f3ximo passo \u00e9 a aplica\u00e7\u00e3o do Excimer Laser para corre\u00e7\u00e3o de grau. Aproximadamente 6 horas ap\u00f3s o procedimento cir\u00fargico, o paciente j\u00e1 perceber\u00e1 uma melhora de vis\u00e3o.<\/span><\/p>\n<h1><strong>Como funciona o pr\u00e9-operat\u00f3rio?<\/strong><\/h1>\n<p><span style=\"font-weight: 400;\">Para a realiza\u00e7\u00e3o da Cirurgia Refrativa \u00e9 feita uma avalia\u00e7\u00e3o completa e detalhada do caso espec\u00edfico por meio de uma consulta oftalmol\u00f3gica que inclui os seguintes exames:<\/span><\/p>\n<ul>\n<li style=\"font-weight: 400;\"><span style=\"font-weight: 400;\">Refratometria sob cicloplegia (avalia\u00e7\u00e3o do grau ap\u00f3s dilata\u00e7\u00e3o das pupilas);<\/span><\/li>\n<li style=\"font-weight: 400;\"><span style=\"font-weight: 400;\">&nbsp;Tonometria (medida da press\u00e3o intra ocular)<\/span><\/li>\n<li style=\"font-weight: 400;\"><span style=\"font-weight: 400;\">Mapeamento de Retina (avalia\u00e7\u00e3o do fundo do olho por oftalmoscopia indireta);<\/span><\/li>\n<\/ul>\n<p><span style=\"font-weight: 400;\">Tamb\u00e9m \u00e9 feito um estudo detalhado das condi\u00e7\u00f5es da c\u00f3rnea por meio dos seguintes exames:&nbsp;<\/span><\/p>\n<ul>\n<li style=\"font-weight: 400;\"><span style=\"font-weight: 400;\">Topografia Corneana ou Ceratoscopia Computadorizada (mapa do relevo corneano);<\/span><\/li>\n<li style=\"font-weight: 400;\"><span style=\"font-weight: 400;\">Paquimetria Corneana (medida da espessura corneana);<\/span><\/li>\n<li style=\"font-weight: 400;\"><span style=\"font-weight: 400;\">&nbsp;Microscopia Especular de C\u00f3rnea (contagem das c\u00e9lulas posteriores da c\u00f3rnea);<\/span><\/li>\n<li style=\"font-weight: 400;\"><span style=\"font-weight: 400;\">Pentacan HR: equipamento que fornece medidas de diversas estruturas importantes.<\/span><\/li>\n<\/ul>\n<p><span style=\"font-weight: 400;\">O conjunto dos resultados de todos esses exames vai estabelecer se o cliente est\u00e1 apto ou n\u00e3o para o tratamento.&nbsp;<\/span><\/p>\n<h1><strong>Como funciona o p\u00f3s-operat\u00f3rio?<\/strong><\/h1>\n<p><span style=\"font-weight: 400;\">O processo p\u00f3s-operat\u00f3rio varia de acordo com a t\u00e9cnica utilizada na Cirurgia Refrativa. No caso da t\u00e9cnica PRK a recupera\u00e7\u00e3o acontece logo nas primeiras horas p\u00f3s-cir\u00fargicas, n\u00e3o havendo a necessidade de nenhum tipo de curativo e permitindo que o paciente volte \u00e0 rotina j\u00e1 no dia seguinte.<\/span><\/p>\n<p><span style=\"font-weight: 400;\">Quando a t\u00e9cnica escolhida \u00e9 a LASIK, \u00e9 comum que o indiv\u00edduo fique com a regi\u00e3o dos olhos sens\u00edvel nos primeiros dias. Al\u00e9m disso, recomenda-se que ele mantenha repouso relativo por cerca de 7 dias, per\u00edodo em que a lente de contato terap\u00eautica \u00e9 mantida no olho tratado.<\/span><\/p>\n<p><span style=\"font-weight: 400;\">A <\/span><a href=\"http:\/\/www.ricardomartin.com.br\/?utm_source=blogpost&amp;utm_medium=texto&amp;utm_campaign=miopia-tratamentos\" target=\"_blank\" rel=\"noopener noreferrer\"><span style=\"font-weight: 400;\">Cl\u00ednica de Olhos e Microcirurgia Dr. Ricardo Martin<\/span><\/a><span style=\"font-weight: 400;\"> realiza a Cirurgia Refrativa com a m\u00e1xima qualidade, por meio de tecnologia de ponta. Al\u00e9m disso, conta com uma equipe especializada, que garante o bem-estar dos pacientes. <\/span><a href=\"http:\/\/www.ricardomartin.com.br\/contato\/?utm_source=blogpost&amp;utm_medium=texto&amp;utm_campaign=miopia-tratamentos\" target=\"_blank\" rel=\"noopener noreferrer\"><span style=\"font-weight: 400;\">Agende sua consulta<\/span><\/a><span style=\"font-weight: 400;\"> e se livre do \u00f3culos de grau.&nbsp;<\/span><\/p>\n<p>&nbsp;<\/p>\n","protected":false},"excerpt":{"rendered":"<p>Voc\u00ea sabia que \u00e9 poss\u00edvel se ver livre dos \u00f3culos de grau e das lentes de contato? Com a tecnologia e com o avan\u00e7o da medicina, surgiu no mercado a Cirurgia Refrativa. J\u00e1 ouviu falar sobre ela? Nesse blog vamos te apresentar tudo que voc\u00ea precisa saber sobre esse procedimento que garante a corre\u00e7\u00e3o do [&hellip;]<\/p>\n","protected":false},"author":1,"featured_media":0,"comment_status":"open","ping_status":"open","sticky":false,"template":"","format":"standard","meta":[],"categories":[38],"tags":[],"gutentor_comment":0,"_links":{"self":[{"href":"https:\/\/www.ricardomartin.com.br\/index.php?rest_route=\/wp\/v2\/posts\/1261"}],"collection":[{"href":"https:\/\/www.ricardomartin.com.br\/index.php?rest_route=\/wp\/v2\/posts"}],"about":[{"href":"https:\/\/www.ricardomartin.com.br\/index.php?rest_route=\/wp\/v2\/types\/post"}],"author":[{"embeddable":true,"href":"https:\/\/www.ricardomartin.com.br\/index.php?rest_route=\/wp\/v2\/users\/1"}],"replies":[{"embeddable":true,"href":"https:\/\/www.ricardomartin.com.br\/index.php?rest_route=%2Fwp%2Fv2%2Fcomments&post=1261"}],"version-history":[{"count":1,"href":"https:\/\/www.ricardomartin.com.br\/index.php?rest_route=\/wp\/v2\/posts\/1261\/revisions"}],"predecessor-version":[{"id":2237,"href":"https:\/\/www.ricardomartin.com.br\/index.php?rest_route=\/wp\/v2\/posts\/1261\/revisions\/2237"}],"wp:attachment":[{"href":"https:\/\/www.ricardomartin.com.br\/index.php?rest_route=%2Fwp%2Fv2%2Fmedia&parent=1261"}],"wp:term":[{"taxonomy":"category","embeddable":true,"href":"https:\/\/www.ricardomartin.com.br\/index.php?rest_route=%2Fwp%2Fv2%2Fcategories&post=1261"},{"taxonomy":"post_tag","embeddable":true,"href":"https:\/\/www.ricardomartin.com.br\/index.php?rest_route=%2Fwp%2Fv2%2Ftags&post=1261"}],"curies":[{"name":"wp","href":"https:\/\/api.w.org\/{rel}","templated":true}]}}