{"id":1264,"date":"2019-09-13T13:17:29","date_gmt":"2019-09-13T16:17:29","guid":{"rendered":"http:\/\/www.ricardomartin.com.br\/?p=1264"},"modified":"2019-09-13T13:17:29","modified_gmt":"2019-09-13T16:17:29","slug":"ceratocone-conheca-as-causas-e-sintomas","status":"publish","type":"post","link":"https:\/\/www.ricardomartin.com.br\/?p=1264","title":{"rendered":"Ceratocone: conhe\u00e7a as causas e sintomas"},"content":{"rendered":"<p><span style=\"font-weight: 400;\">O <\/span><b>Ceratocone<\/b><span style=\"font-weight: 400;\"> \u00e9 uma doen\u00e7a ocular que atinge a c\u00f3rnea, modificando sua espessura e curvatura. Isso leva ao surgimento de astigmatismo irregular, provocando a apar\u00eancia distorcida das imagens.<\/span><\/p>\n<h1><b>O que acontece com o olho?<\/b><\/h1>\n<p><img loading=\"lazy\" class=\"alignnone wp-image-1265\" src=\"http:\/\/www.ricardomartin.com.br\/wp-content\/uploads\/2019\/09\/image1-300x200.jpg\" alt=\"ceratocone\" width=\"500\" height=\"333\" srcset=\"https:\/\/www.ricardomartin.com.br\/wp-content\/uploads\/2019\/09\/image1-300x200.jpg 300w, https:\/\/www.ricardomartin.com.br\/wp-content\/uploads\/2019\/09\/image1-600x400.jpg 600w, https:\/\/www.ricardomartin.com.br\/wp-content\/uploads\/2019\/09\/image1.jpg 620w\" sizes=\"(max-width: 500px) 100vw, 500px\" \/><\/p>\n<p><span style=\"font-weight: 400;\">O tecido transparente em formato de c\u00fapula que cobre o olho (c\u00f3rnea) afina e se projeta para fora em forma de cone. \u00c9 uma patologia multifatorial, ou seja, pode estar relacionada a diversos fatores, tais como: o h\u00e1bito de co\u00e7ar os olhos, aspectos familiares, fatores gen\u00e9ticos, e at\u00e9 mesmo o fato de morar em elevadas altitudes \u2013 como nos Andes, por exemplo \u2013 podem ser estar relacionados a essa condi\u00e7\u00e3o.\u00a0\u00a0<\/span><\/p>\n<p>&nbsp;<\/p>\n<h1><b>Sintomas<\/b><\/h1>\n<p><img loading=\"lazy\" class=\"alignnone wp-image-1267\" src=\"http:\/\/www.ricardomartin.com.br\/wp-content\/uploads\/2019\/09\/image3-300x240.jpg\" alt=\"ceratocone\" width=\"500\" height=\"399\" srcset=\"https:\/\/www.ricardomartin.com.br\/wp-content\/uploads\/2019\/09\/image3-300x240.jpg 300w, https:\/\/www.ricardomartin.com.br\/wp-content\/uploads\/2019\/09\/image3-600x479.jpg 600w, https:\/\/www.ricardomartin.com.br\/wp-content\/uploads\/2019\/09\/image3.jpg 626w\" sizes=\"(max-width: 500px) 100vw, 500px\" \/><\/p>\n<p>&nbsp;<\/p>\n<p><span style=\"font-weight: 400;\">Os sintomas costumam aparecem pela primeira vez durante a adolesc\u00eancia e in\u00edcio da idade adulta, com progress\u00e3o gradual, podendo evoluir at\u00e9 por volta dos 35 anos de idade. Conforme a c\u00f3rnea se afina, a pessoa nota a <\/span><b>vis\u00e3o emba\u00e7ada e distorcida, com sensibilidade \u00e0 luz e claridade<\/b><span style=\"font-weight: 400;\">, dificultando tarefas di\u00e1rias como ler, dirigir, enxergar placas e avisos, dentre outras.<\/span><\/p>\n<p><span style=\"font-weight: 400;\">A progress\u00e3o e gravidade da condi\u00e7\u00e3o podem ser diferentes em cada olho, assim como os sintomas podem piorar com o tempo. Em est\u00e1gios mais avan\u00e7ados, o agravamento \u00e9 tanto que o uso de lentes de contato ou \u00f3culos n\u00e3o \u00e9 mais satisfat\u00f3rio para melhorar a vis\u00e3o. Nesses casos, o implante do Anel de Ferrara \u00e9 de grande import\u00e2ncia, pois pode evitar um transplante de c\u00f3rnea.<\/span><\/p>\n<p>&nbsp;<\/p>\n<h1><b>Causas<\/b><\/h1>\n<p><img loading=\"lazy\" class=\"alignnone wp-image-1266\" src=\"http:\/\/www.ricardomartin.com.br\/wp-content\/uploads\/2019\/09\/image2-300x221.jpg\" alt=\"ceratocone\" width=\"500\" height=\"368\" srcset=\"https:\/\/www.ricardomartin.com.br\/wp-content\/uploads\/2019\/09\/image2-300x221.jpg 300w, https:\/\/www.ricardomartin.com.br\/wp-content\/uploads\/2019\/09\/image2-600x442.jpg 600w, https:\/\/www.ricardomartin.com.br\/wp-content\/uploads\/2019\/09\/image2.jpg 625w\" sizes=\"(max-width: 500px) 100vw, 500px\" \/><\/p>\n<p>&nbsp;<\/p>\n<p><span style=\"font-weight: 400;\">O ceratocone \u00e9 uma condi\u00e7\u00e3o rara e atinge menos de 150 mil casos por ano no Brasil, segundo o Conselho Brasileiro de Oftalmologia (CBO). Para sua confirma\u00e7\u00e3o, \u00e9 necess\u00e1rio um diagn\u00f3stico m\u00e9dico e uma confirma\u00e7\u00e3o atrav\u00e9s de exames oftalmol\u00f3gicos, tais como tomografia e topografia oculares, dentre outros.\u00a0<\/span><\/p>\n<p><span style=\"font-weight: 400;\">Procure o seu oftalmologista ou <\/span><span style=\"font-weight: 400;\">agente uma consulta com o Dr. Ricardo Martin<\/span> <a href=\"http:\/\/www.ricardomartin.com.br\/contato\/\"><span style=\"font-weight: 400;\">\u00a0<\/span><\/a><span style=\"font-weight: 400;\">caso tenha algum ou alguns dos sintomas acima. Para facilitar o diagn\u00f3stico e otimizar o tempo, voc\u00ea pode anotar o que tem observado. Para isso, fizemos uma listinha que pode te ajudar:<\/span><\/p>\n<ul>\n<li style=\"font-weight: 400;\"><span style=\"font-weight: 400;\">Descreva todos os sintomas e h\u00e1 quanto tempo eles est\u00e3o presentes<\/span><\/li>\n<li style=\"font-weight: 400;\"><span style=\"font-weight: 400;\">Leve seu hist\u00f3rico m\u00e9dico, incluindo quais medicamentos voc\u00ea faz uso, exames feitos recentemente e outras condi\u00e7\u00f5es.\u00a0<\/span><\/li>\n<li style=\"font-weight: 400;\"><span style=\"font-weight: 400;\">Se poss\u00edvel, pe\u00e7a para uma pessoa te acompanhar.<\/span><\/li>\n<li style=\"font-weight: 400;\"><span style=\"font-weight: 400;\">Leve suas d\u00favidas por escrito para n\u00e3o esquecer nada na hora da consulta.<\/span><\/li>\n<li style=\"font-weight: 400;\"><span style=\"font-weight: 400;\">Pergunte aos seus familiares se eles possuem alguma altera\u00e7\u00e3o ocular, j\u00e1 que fatores gen\u00e9ticos tamb\u00e9m s\u00e3o avaliados.\u00a0<\/span><\/li>\n<li style=\"font-weight: 400;\"><span style=\"font-weight: 400;\">Caso voc\u00ea tenha o diagn\u00f3stico de ceratocone e tenha irm\u00e3os, \u00e9 importante que eles tamb\u00e9m fa\u00e7am uma avalia\u00e7\u00e3o, uma vez que os fatores familiares possuem grande import\u00e2ncia no desenvolvimento dessa condi\u00e7\u00e3o.<\/span><\/li>\n<\/ul>\n<p><a href=\"http:\/\/www.ricardomartin.com.br\/contato\/\" target=\"_blank\" rel=\"noopener noreferrer\"><span style=\"font-weight: 400;\">Clique aqui<\/span><\/a><span style=\"font-weight: 400;\"> e agende agora mesmo uma consulta para avaliar a sua vis\u00e3o.<\/span><\/p>\n","protected":false},"excerpt":{"rendered":"<p>O Ceratocone \u00e9 uma doen\u00e7a ocular que atinge a c\u00f3rnea, modificando sua espessura e curvatura. Isso leva ao surgimento de astigmatismo irregular, provocando a apar\u00eancia distorcida das imagens. O que acontece com o olho? O tecido transparente em formato de c\u00fapula que cobre o olho (c\u00f3rnea) afina e se projeta para fora em forma de [&hellip;]<\/p>\n","protected":false},"author":1,"featured_media":1268,"comment_status":"open","ping_status":"open","sticky":false,"template":"","format":"standard","meta":[],"categories":[37],"tags":[],"gutentor_comment":0,"_links":{"self":[{"href":"https:\/\/www.ricardomartin.com.br\/index.php?rest_route=\/wp\/v2\/posts\/1264"}],"collection":[{"href":"https:\/\/www.ricardomartin.com.br\/index.php?rest_route=\/wp\/v2\/posts"}],"about":[{"href":"https:\/\/www.ricardomartin.com.br\/index.php?rest_route=\/wp\/v2\/types\/post"}],"author":[{"embeddable":true,"href":"https:\/\/www.ricardomartin.com.br\/index.php?rest_route=\/wp\/v2\/users\/1"}],"replies":[{"embeddable":true,"href":"https:\/\/www.ricardomartin.com.br\/index.php?rest_route=%2Fwp%2Fv2%2Fcomments&post=1264"}],"version-history":[{"count":0,"href":"https:\/\/www.ricardomartin.com.br\/index.php?rest_route=\/wp\/v2\/posts\/1264\/revisions"}],"wp:featuredmedia":[{"embeddable":true,"href":"https:\/\/www.ricardomartin.com.br\/index.php?rest_route=\/wp\/v2\/media\/1268"}],"wp:attachment":[{"href":"https:\/\/www.ricardomartin.com.br\/index.php?rest_route=%2Fwp%2Fv2%2Fmedia&parent=1264"}],"wp:term":[{"taxonomy":"category","embeddable":true,"href":"https:\/\/www.ricardomartin.com.br\/index.php?rest_route=%2Fwp%2Fv2%2Fcategories&post=1264"},{"taxonomy":"post_tag","embeddable":true,"href":"https:\/\/www.ricardomartin.com.br\/index.php?rest_route=%2Fwp%2Fv2%2Ftags&post=1264"}],"curies":[{"name":"wp","href":"https:\/\/api.w.org\/{rel}","templated":true}]}}