{"id":2570,"date":"2020-08-04T00:24:01","date_gmt":"2020-08-04T03:24:01","guid":{"rendered":"http:\/\/www.ricardomartin.com.br\/?p=2570"},"modified":"2020-08-04T00:24:03","modified_gmt":"2020-08-04T03:24:03","slug":"fotofobia-o-incomodo-nos-olhos-de-quem-nao-consegue-olhar-diretamente-para-a-luz","status":"publish","type":"post","link":"https:\/\/www.ricardomartin.com.br\/?p=2570","title":{"rendered":"Fotofobia: o inc\u00f4modo nos olhos de quem n\u00e3o consegue olhar diretamente para a luz."},"content":{"rendered":"\n<p>Quem sofre de fotofobia enfrenta dificuldades por causa da intensidade de luz em ambientes luminosos e dias mais claros e, com isso, acaba fazendo o poss\u00edvel para evitar que a vis\u00e3o se choque com essas energias.<br>A fotofobia, tamb\u00e9m conhecida como sensibilidade \u00e0 luz, \u00e9 uma condi\u00e7\u00e3o visual que faz com que a pessoa reaja quando seus olhos est\u00e3o expostos \u00e0 claridade (natural ou artificial), sendo esta intensa ou at\u00e9 mesmo regular. Esse comportamento \u00e9 caracterizado pelos m\u00e9dicos como intoler\u00e2ncia patol\u00f3gica ao est\u00edmulo luminoso, que, de certa forma, \u00e9 definido como um desconforto visual provocado pelo excesso de luminosidade no globo ocular. A rea\u00e7\u00e3o da pessoa que sofre com esta condi\u00e7\u00e3o \u00e9 respondida a partir da dificuldade que a mesma enfrenta em abrir os olhos, ou mant\u00ea-los abertos, em ambientes relativamente claros.<br>Na maioria dos casos, a fotofobia ocorre devido a fatores cong\u00eanitos, tais como aus\u00eancia de pigmentos no fundo do olho e casos de aniridia (aus\u00eancia da \u00edris). Pessoas que t\u00eam olhos de cores claras, como azul e verde, podem desenvolver os sintomas de avers\u00e3o \u00e0 luz, pois as camadas dos olhos de tons claros <br>absorvem menos luz que os de cores comuns.<br>Por\u00e9m, nem sempre essa sensibilidade ocorre de forma natural. Existem alguns casos que est\u00e3o associados \u00e0 decorr\u00eancia de uma avers\u00e3o \u00e0 luz. Segundo o oftalmologista Pedro Carricondo, a fotofobia pode ser desencadeada tanto por problemas visuais quanto por causas sist\u00eamicas.<br>A primeira acontece devido a inflama\u00e7\u00f5es oculares (como uve\u00edtes e rea\u00e7\u00f5es p\u00f3s-operat\u00f3rias), altera\u00e7\u00f5es na retina (como degenerativas e albinismo) ou les\u00f5es corneanas (como arranh\u00f5es e ceratites). J\u00e1 as sist\u00eamicas ocorrem por altera\u00e7\u00f5es do sistema nervoso central, respons\u00e1vel por provocar a cefaleia e a enxaqueca.<br>\u201cEm condi\u00e7\u00f5es onde existe dano ocular ou altera\u00e7\u00f5es do sistema nervoso central, os sintomas caracter\u00edsticos que definem uma avers\u00e3o \u00e0 luz podem aparecer. O mecanismo para seu estabelecimento ainda n\u00e3o est\u00e1 bem definido, mas parece estar relacionado a conex\u00f5es das c\u00e9lulas retinianas ou de outras partes do olho com o sistema trigeminal\u201d, explicou o oftalmologista.<br>E quem acha que a fotofobia \u00e9 capaz de provocar alguma doen\u00e7a ocular j\u00e1 pode ficar despreocupado. Em geral, esta condi\u00e7\u00e3o n\u00e3o causa nenhuma enfermidade visual, mas, de acordo com o Dr. Pedro Carricondo, este caso exige um acompanhamento peri\u00f3dico para que haja uma avalia\u00e7\u00e3o m\u00e9dica adequada, especialmente quando a pessoa apresenta um desconforto visual agudo quando est\u00e1 presente em lugares claros.<br>\u201cA fotofobia j\u00e1 \u00e9 considerada um sintoma importante de que h\u00e1 algo de errado com os olhos do paciente. Por isso, os cuidados m\u00e9dicos e oftalmol\u00f3gicos devem ser procurados o quanto antes para que haja melhor avalia\u00e7\u00e3o do problema. Especialmente em situa\u00e7\u00e3o cr\u00edtica, como o emba\u00e7amento visual\u201d, concluiu o especialista.<br>\u201cA fotofobia j\u00e1 \u00e9 considerada um sintoma importante de que h\u00e1 algo de errado com <br>os olhos do paciente. Por isso, os cuidados m\u00e9dicos e oftalmol\u00f3gicos devem ser procurados o quanto antes <br>para que haja melhor avalia\u00e7\u00e3o do problema. Especialmente em situa\u00e7\u00e3o cr\u00edtica, como o emba\u00e7amento visual.\u201d<\/p>\n\n\n\n<p>Tirando d\u00favidas<br>N\u00e3o existe tratamento espec\u00edfico para \u201ccurar\u201d o paciente que tem fotofobia. At\u00e9 porque este <br>desconforto n\u00e3o \u00e9 considerado pelos m\u00e9dicos como uma doen\u00e7a ocular. Afinal, trata-se apenas de uma sensibilidade dos olhos a qualquer tipo de luminosidade. O melhor a fazer \u00e9 estabelecer a causa para reduzir os sintomas desta condi\u00e7\u00e3o.<br>Usar \u00f3culos escuros em ambientes externos e diminuir a intensidade da luz em locais fechados podem ajudar a diminuir os sintomas de quem sofre com esta sensibilidade. Lembrando que \u00e9 importante manter uma periodicidade regular com um especialista para o melhor acompanhamento do caso.<br><\/p>\n\n\n\n<p>Fonte: Revista Veja Bem <\/p>\n","protected":false},"excerpt":{"rendered":"<p>Quem sofre de fotofobia enfrenta dificuldades por causa da intensidade de luz em ambientes luminosos e dias mais claros e, com isso, acaba fazendo o poss\u00edvel para evitar que a vis\u00e3o se choque com essas energias.A fotofobia, tamb\u00e9m conhecida como sensibilidade \u00e0 luz, \u00e9 uma condi\u00e7\u00e3o visual que faz com que a pessoa reaja quando [&hellip;]<\/p>\n","protected":false},"author":1,"featured_media":0,"comment_status":"open","ping_status":"open","sticky":false,"template":"","format":"standard","meta":[],"categories":[38],"tags":[],"gutentor_comment":0,"_links":{"self":[{"href":"https:\/\/www.ricardomartin.com.br\/index.php?rest_route=\/wp\/v2\/posts\/2570"}],"collection":[{"href":"https:\/\/www.ricardomartin.com.br\/index.php?rest_route=\/wp\/v2\/posts"}],"about":[{"href":"https:\/\/www.ricardomartin.com.br\/index.php?rest_route=\/wp\/v2\/types\/post"}],"author":[{"embeddable":true,"href":"https:\/\/www.ricardomartin.com.br\/index.php?rest_route=\/wp\/v2\/users\/1"}],"replies":[{"embeddable":true,"href":"https:\/\/www.ricardomartin.com.br\/index.php?rest_route=%2Fwp%2Fv2%2Fcomments&post=2570"}],"version-history":[{"count":1,"href":"https:\/\/www.ricardomartin.com.br\/index.php?rest_route=\/wp\/v2\/posts\/2570\/revisions"}],"predecessor-version":[{"id":2571,"href":"https:\/\/www.ricardomartin.com.br\/index.php?rest_route=\/wp\/v2\/posts\/2570\/revisions\/2571"}],"wp:attachment":[{"href":"https:\/\/www.ricardomartin.com.br\/index.php?rest_route=%2Fwp%2Fv2%2Fmedia&parent=2570"}],"wp:term":[{"taxonomy":"category","embeddable":true,"href":"https:\/\/www.ricardomartin.com.br\/index.php?rest_route=%2Fwp%2Fv2%2Fcategories&post=2570"},{"taxonomy":"post_tag","embeddable":true,"href":"https:\/\/www.ricardomartin.com.br\/index.php?rest_route=%2Fwp%2Fv2%2Ftags&post=2570"}],"curies":[{"name":"wp","href":"https:\/\/api.w.org\/{rel}","templated":true}]}}