{"id":2578,"date":"2020-08-10T00:04:46","date_gmt":"2020-08-10T03:04:46","guid":{"rendered":"http:\/\/www.ricardomartin.com.br\/?p=2578"},"modified":"2020-08-10T00:04:49","modified_gmt":"2020-08-10T03:04:49","slug":"os-prejuizos-de-usar-oculos-falsificados","status":"publish","type":"post","link":"https:\/\/www.ricardomartin.com.br\/?p=2578","title":{"rendered":"Os preju\u00edzos de usar \u00f3culos falsificados"},"content":{"rendered":"\n<p>O formato pode at\u00e9 parecer  com o original, mas a funcionalidade nem de longe \u00e9 a mesma. Estamos  falando da rela\u00e7\u00e3o entre \u00f3culos originais e aqueles que s\u00e3o encontrados  no camel\u00f4. \u00d3culos leg\u00edtimos, <br>tanto de grau quanto de sol, foram  criados com um fim espec\u00edfico: corrigir e proteger a vis\u00e3o. J\u00e1 os \u00f3culos  de origem duvidosa, al\u00e9m de n\u00e3o prevenirem danos s\u00e3o altamente  prejudiciais \u00e0 sa\u00fade ocular.<br>Os \u00f3culos de sol s\u00e3o os mais comuns no  mercado da falsifica\u00e7\u00e3o. Muitas pessoas adquirem esses produtos por  entenderem que, apenas pelo fato de ter lentes escuras, eles s\u00e3o capazes  de proteger da luz solar. Por\u00e9m, a verdade \u00e9 que esses \u00f3culos podem  deixar os olhos ainda mais expostos aos raios ultravioletas. Isso ocorre  porque quando estamos no escuro, nossa pupila <br>se dilata para  facilitar a entrada da luz. O mesmo ocorre quando se utiliza \u00f3culos  escuros. Atrav\u00e9s do aumento da pupila esses raios invadem o globo  ocular, podendo causar danos irrevers\u00edveis.<br>Quando se trata de um  produto com garantia de f\u00e1brica, que ateste prote\u00e7\u00e3o contra os raios UVA  e UVB (UV- Ultravioleta), a dilata\u00e7\u00e3o da pupila n\u00e3o \u00e9 um problema.  Muito pelo contr\u00e1rio, os \u00f3culos de sol originais e que t\u00eam essa fun\u00e7\u00e3o  s\u00e3o de extrema import\u00e2ncia para impedir os danos causados por esses  raios.<br>CAMUFLANDO O PROBLEMA<br>No caso dos \u00f3culos para corre\u00e7\u00e3o de  grau, o uso indiscriminado do acess\u00f3rio adquirido no camel\u00f4 pode gerar  consequ\u00eancias ainda mais graves. Al\u00e9m da m\u00e1 qualidade dos produtos,  um dos principais perigos de utilizar esse tipo de \u00f3culos de grau \u00e9 que  eles ajudam a camuflar problemas mais graves na vis\u00e3o.<br>Geralmente,  quem compra um \u00f3culos de grau deliberadamente \u00e9 algu\u00e9m que n\u00e3o procura  um oftalmologista para uma avalia\u00e7\u00e3o detalhada da sa\u00fade visual. Esse  descuido faz com que patologias oculares silenciosas evoluam sem serem  descobertas, como \u00e9 o caso do glaucoma, doen\u00e7a cujos sintomas n\u00e3o s\u00e3o  percebidos no in\u00edcio.<br>Al\u00e9m disso, os modelos de m\u00e1 qualidade n\u00e3o  proporcionam uma imagem devidamente ajustada \u2013 seja por desn\u00edveis nas  lentes ou pelo ajuste inadequado no rosto \u2013 o que ocasiona maior  desgaste da vista, pelo esfor\u00e7o em ajustar a imagem.<br>N\u00e3o se deixe enganar!<br>Antes  de adquirir um \u00f3culos, seja de sol ou de grau, \u00e9 preciso priorizar a  consulta ao oftalmologista. Nossos olhos merecem o melhor cuidado, o que  implica em avalia\u00e7\u00e3o adequada e escolha de um acess\u00f3rio seguro.<br>Fonte: Revista Veja Bem <\/p>\n","protected":false},"excerpt":{"rendered":"<p>O formato pode at\u00e9 parecer com o original, mas a funcionalidade nem de longe \u00e9 a mesma. Estamos falando da rela\u00e7\u00e3o entre \u00f3culos originais e aqueles que s\u00e3o encontrados no camel\u00f4. \u00d3culos leg\u00edtimos, tanto de grau quanto de sol, foram criados com um fim espec\u00edfico: corrigir e proteger a vis\u00e3o. J\u00e1 os \u00f3culos de origem [&hellip;]<\/p>\n","protected":false},"author":1,"featured_media":0,"comment_status":"open","ping_status":"open","sticky":false,"template":"","format":"standard","meta":[],"categories":[38],"tags":[],"gutentor_comment":0,"_links":{"self":[{"href":"https:\/\/www.ricardomartin.com.br\/index.php?rest_route=\/wp\/v2\/posts\/2578"}],"collection":[{"href":"https:\/\/www.ricardomartin.com.br\/index.php?rest_route=\/wp\/v2\/posts"}],"about":[{"href":"https:\/\/www.ricardomartin.com.br\/index.php?rest_route=\/wp\/v2\/types\/post"}],"author":[{"embeddable":true,"href":"https:\/\/www.ricardomartin.com.br\/index.php?rest_route=\/wp\/v2\/users\/1"}],"replies":[{"embeddable":true,"href":"https:\/\/www.ricardomartin.com.br\/index.php?rest_route=%2Fwp%2Fv2%2Fcomments&post=2578"}],"version-history":[{"count":1,"href":"https:\/\/www.ricardomartin.com.br\/index.php?rest_route=\/wp\/v2\/posts\/2578\/revisions"}],"predecessor-version":[{"id":2579,"href":"https:\/\/www.ricardomartin.com.br\/index.php?rest_route=\/wp\/v2\/posts\/2578\/revisions\/2579"}],"wp:attachment":[{"href":"https:\/\/www.ricardomartin.com.br\/index.php?rest_route=%2Fwp%2Fv2%2Fmedia&parent=2578"}],"wp:term":[{"taxonomy":"category","embeddable":true,"href":"https:\/\/www.ricardomartin.com.br\/index.php?rest_route=%2Fwp%2Fv2%2Fcategories&post=2578"},{"taxonomy":"post_tag","embeddable":true,"href":"https:\/\/www.ricardomartin.com.br\/index.php?rest_route=%2Fwp%2Fv2%2Ftags&post=2578"}],"curies":[{"name":"wp","href":"https:\/\/api.w.org\/{rel}","templated":true}]}}