{"id":2583,"date":"2020-08-12T03:06:05","date_gmt":"2020-08-12T06:06:05","guid":{"rendered":"http:\/\/www.ricardomartin.com.br\/?p=2583"},"modified":"2020-08-12T03:06:08","modified_gmt":"2020-08-12T06:06:08","slug":"quando-e-importante-fazer-um-exame-de-refracao","status":"publish","type":"post","link":"https:\/\/www.ricardomartin.com.br\/?p=2583","title":{"rendered":"Quando \u00e9 importante fazer  um exame de refra\u00e7\u00e3o?"},"content":{"rendered":"\n<p>O cuidado com a vis\u00e3o \u00e9 algo que deve ser priorizado ao longo de toda a vida. Afinal, ela \u00e9 vital n\u00e3o s\u00f3 para contemplar o mundo ao redor como tamb\u00e9m para facilitar a vida di\u00e1ria. Apesar disso, muitas pessoas tendem a negligenciar essa fun\u00e7\u00e3o t\u00e3o importante ao ser humano. <\/p>\n\n\n\n<p>H\u00e1 quem acredite que o exame de refra\u00e7\u00e3o s\u00f3 deve ser feito mediante algum problema aparente na vis\u00e3o. Por\u00e9m, segundo especialistas, a avalia\u00e7\u00e3o ocular deve ocorrer em diversos momentos da vida, inclusive no in\u00edcio dela.<br><\/p>\n\n\n\n<p>O primeiro exame de vista deve ser realizado ainda na maternidade, conhecido como <br>Teste do Olhinho. O exame deve ser repetido com um ano de idade, aos tr\u00eas, e deve ser <br>realizado anualmente at\u00e9 que a crian\u00e7a complete oito ou nove anos. <br>Na vida adulta, mesmo sem sintomas aparentes, a consulta ao oftalmologista deve ser <br>realizada anualmente, a partir do 20 anos de idade. Ap\u00f3s os 40 anos, a necessidade do <br>exame \u00e9 ainda mais vital. Pessoas que j\u00e1 foram diagnosticadas com v\u00edcios de refra\u00e7\u00e3o e <br>utilizam \u00f3culos ou lentes de contato devem se submeter a novos testes de tempos em <br>tempos. Nesse \u00faltimo caso, o ideal \u00e9 que a avalia\u00e7\u00e3o seja feita a cada seis meses, mas a <br>periodicidade pode variar de acordo com cada caso. <br><\/p>\n\n\n\n<p>Tamb\u00e9m \u00e9 poss\u00edvel identificar a necessidade de ir ao oftalmologista diante de alguns <br>sintomas como:<br><\/p>\n\n\n\n<p>\u2022 Dor de cabe\u00e7a ou nos olhos.<br>\u2022 Vis\u00e3o dupla ou cansada.<br>\u2022 N\u00e3o enxergar nitidamente.<br>\u2022 Dificuldade de distinguir as cores dos objetos.<br>\u2022 Precisar for\u00e7ar a vista para poder enxergar os objetos ou conseguir ler.<br>\u2022 Hist\u00f3rico na fam\u00edlia de pessoas com problemas de vis\u00e3o, entre eles o glaucoma.<br>\u2022 Enxergar uma mancha branca em volta das luzes.<br><\/p>\n\n\n\n<p>COMO \u00c9 FEITO O TESTE DE REFRA\u00c7\u00c3O E PARA QUE SERVE<br><\/p>\n\n\n\n<p>O teste de refra\u00e7\u00e3o, mais conhecido como exame de vista ou de grau, serve para que o especialista detecte graus de dificuldade visual, a fim de indicar os \u00f3culos ou lentes de contato adequados para a corre\u00e7\u00e3o.<br>O exame \u00e9 feito com a utiliza\u00e7\u00e3o de equipamentos, sendo o m\u00e9dico oftalmologista o \u00fanico profissional autorizado e apto para realizar esse exame.<br>Durante o exame, o m\u00e9dico oftalmologista avalia toda a estrutura ocular e seu funcionamento, o que \u00e9 fundamental para o diagn\u00f3stico precoce de doen\u00e7as silenciosas. Em alguns pacientes, especialmente crian\u00e7as e jovens, o especialista pode utilizar um col\u00edrio especial para dilatar a pupila.<br><\/p>\n\n\n\n<p>Fonte: Revista Veja Bem <\/p>\n","protected":false},"excerpt":{"rendered":"<p>O cuidado com a vis\u00e3o \u00e9 algo que deve ser priorizado ao longo de toda a vida. Afinal, ela \u00e9 vital n\u00e3o s\u00f3 para contemplar o mundo ao redor como tamb\u00e9m para facilitar a vida di\u00e1ria. Apesar disso, muitas pessoas tendem a negligenciar essa fun\u00e7\u00e3o t\u00e3o importante ao ser humano. H\u00e1 quem acredite que o [&hellip;]<\/p>\n","protected":false},"author":1,"featured_media":0,"comment_status":"open","ping_status":"open","sticky":false,"template":"","format":"standard","meta":[],"categories":[38],"tags":[],"gutentor_comment":6,"_links":{"self":[{"href":"https:\/\/www.ricardomartin.com.br\/index.php?rest_route=\/wp\/v2\/posts\/2583"}],"collection":[{"href":"https:\/\/www.ricardomartin.com.br\/index.php?rest_route=\/wp\/v2\/posts"}],"about":[{"href":"https:\/\/www.ricardomartin.com.br\/index.php?rest_route=\/wp\/v2\/types\/post"}],"author":[{"embeddable":true,"href":"https:\/\/www.ricardomartin.com.br\/index.php?rest_route=\/wp\/v2\/users\/1"}],"replies":[{"embeddable":true,"href":"https:\/\/www.ricardomartin.com.br\/index.php?rest_route=%2Fwp%2Fv2%2Fcomments&post=2583"}],"version-history":[{"count":1,"href":"https:\/\/www.ricardomartin.com.br\/index.php?rest_route=\/wp\/v2\/posts\/2583\/revisions"}],"predecessor-version":[{"id":2584,"href":"https:\/\/www.ricardomartin.com.br\/index.php?rest_route=\/wp\/v2\/posts\/2583\/revisions\/2584"}],"wp:attachment":[{"href":"https:\/\/www.ricardomartin.com.br\/index.php?rest_route=%2Fwp%2Fv2%2Fmedia&parent=2583"}],"wp:term":[{"taxonomy":"category","embeddable":true,"href":"https:\/\/www.ricardomartin.com.br\/index.php?rest_route=%2Fwp%2Fv2%2Fcategories&post=2583"},{"taxonomy":"post_tag","embeddable":true,"href":"https:\/\/www.ricardomartin.com.br\/index.php?rest_route=%2Fwp%2Fv2%2Ftags&post=2583"}],"curies":[{"name":"wp","href":"https:\/\/api.w.org\/{rel}","templated":true}]}}