{"id":2585,"date":"2020-08-13T02:20:08","date_gmt":"2020-08-13T05:20:08","guid":{"rendered":"http:\/\/www.ricardomartin.com.br\/?p=2585"},"modified":"2020-08-13T02:20:10","modified_gmt":"2020-08-13T05:20:10","slug":"ambliopia-como-identificar-e-prevenir-o-olho-preguicoso","status":"publish","type":"post","link":"https:\/\/www.ricardomartin.com.br\/?p=2585","title":{"rendered":"Ambliopia: como identificar e prevenir o  \u201colho pregui\u00e7oso\u201d"},"content":{"rendered":"\n<p> Tamb\u00e9m  conhecida como olho pregui\u00e7oso, a ambliopia \u00e9 um problema ocular que  atinge de 2 a 3% da popula\u00e7\u00e3o infantil. A doen\u00e7a consiste na baixa  acuidade visual causada por altera\u00e7\u00f5es que prejudicam o desenvolvimento  correto da vis\u00e3o. Sendo assim, esse dano visual, geralmente est\u00e1  associado a outros problemas oculares, como: estrabismo, catarata  cong\u00eanita e v\u00edcios de refra\u00e7\u00e3o (miopia, hipermetropia e Astigmatismo).<br><\/p>\n\n\n\n<p>O olho pregui\u00e7oso pode ser corrigido mediante diagn\u00f3stico e tratamento precoce. Quando n\u00e3o identificado e corrigido no tempo certo, esse transtorno visual pode ter consequ\u00eancias irrevers\u00edveis. A melhor forma de prevenir esses problemas, \u00e9 levar as crian\u00e7as a avalia\u00e7\u00f5es peri\u00f3dicas com o m\u00e9dico oftalmologista durante seus primeiros anos de vida. <br><\/p>\n\n\n\n<p>Com o acompanhamento do especialista durante a fase de desenvolvimento visual, problemas de refra\u00e7\u00e3o v\u00e3o sendo identificados e corrigidos; o que, em alguns casos, faz com que a ambliopia sequer tenha tempo de se instalar. <br><\/p>\n\n\n\n<p>Muitas  crian\u00e7as com essa doen\u00e7a n\u00e3o apresentam sinal aparente de dificuldade  visual. Esse retardo no diagn\u00f3stico ocorre porque, na maioria dos casos,  a ambliopia acomete apenas um dos olhos, e a crian\u00e7a tende a se adaptar  utilizando a vista saud\u00e1vel, anulando o olho comprometido. Essa \u00e9 a  raz\u00e3o pela qual a ambliopia \u00e9 chamada de olho pregui\u00e7oso, pois aos  poucos a vista com a doen\u00e7a vai perdendo sua funcionalidade.<br><\/p>\n\n\n\n<p>Na fase de tratamento, uma das estrat\u00e9gias do oftalmologista \u00e9 fazer com que a crian\u00e7a utilize o olho afetado pela ambliopia, atrav\u00e9s do uso de tamp\u00e3o (oclus\u00e3o) do olho bom (normal). <br><\/p>\n\n\n\n<p>Em  muitos casos, o m\u00e9dico oftalmologista recomenda o uso de \u00f3culos por um  per\u00edodo de trinta dias, antes de iniciar o tratamento com o tamp\u00e3o.  Estudos apontam que aproximadamente 12% das crian\u00e7as, com menos de sete  anos de idade, apresentaram regress\u00e3o do quadro de ambliopia, apenas com  o uso dos \u00f3culos. Por\u00e9m, o tratamento por meio do tamp\u00e3o do olho bom  para estimular a vista ruim, ainda \u00e9 o mais indicado na maioria dos  casos.<br><\/p>\n\n\n\n<p>O PAPEL DOS PAIS E EDUCADORES<br><\/p>\n\n\n\n<p>Uma das metas abra\u00e7adas pelo Conselho Brasileiro  de Oftalmologia \u00e9 difundir informa\u00e7\u00f5es que promovam a sa\u00fade ocular. No  caso espec\u00edfico da ambliopia, esse acesso \u00e0 informa\u00e7\u00e3o \u00e9 fundamental  para que pais e demais respons\u00e1veis entendam a import\u00e2ncia de conduzir  as crian\u00e7as ao especialista, a fim de evitar o avan\u00e7o da doen\u00e7a. <br><\/p>\n\n\n\n<p>Outra  forma de minimizar e prevenir a ambliopia \u00e9 atrav\u00e9s de treinamentos de  professores de escolas prim\u00e1rias e creches, para que eles detectem  sinais de dificuldade visual nas crian\u00e7as em suas atividades <br>di\u00e1rias, e aconselhe os pais a encaminh\u00e1-las ao oftalmologista.<\/p>\n\n\n\n<p>Fonte: Revista Veja Bem\n\n<\/p>\n","protected":false},"excerpt":{"rendered":"<p>Tamb\u00e9m conhecida como olho pregui\u00e7oso, a ambliopia \u00e9 um problema ocular que atinge de 2 a 3% da popula\u00e7\u00e3o infantil. A doen\u00e7a consiste na baixa acuidade visual causada por altera\u00e7\u00f5es que prejudicam o desenvolvimento correto da vis\u00e3o. Sendo assim, esse dano visual, geralmente est\u00e1 associado a outros problemas oculares, como: estrabismo, catarata cong\u00eanita e v\u00edcios [&hellip;]<\/p>\n","protected":false},"author":1,"featured_media":0,"comment_status":"open","ping_status":"open","sticky":false,"template":"","format":"standard","meta":[],"categories":[38],"tags":[],"gutentor_comment":0,"_links":{"self":[{"href":"https:\/\/www.ricardomartin.com.br\/index.php?rest_route=\/wp\/v2\/posts\/2585"}],"collection":[{"href":"https:\/\/www.ricardomartin.com.br\/index.php?rest_route=\/wp\/v2\/posts"}],"about":[{"href":"https:\/\/www.ricardomartin.com.br\/index.php?rest_route=\/wp\/v2\/types\/post"}],"author":[{"embeddable":true,"href":"https:\/\/www.ricardomartin.com.br\/index.php?rest_route=\/wp\/v2\/users\/1"}],"replies":[{"embeddable":true,"href":"https:\/\/www.ricardomartin.com.br\/index.php?rest_route=%2Fwp%2Fv2%2Fcomments&post=2585"}],"version-history":[{"count":1,"href":"https:\/\/www.ricardomartin.com.br\/index.php?rest_route=\/wp\/v2\/posts\/2585\/revisions"}],"predecessor-version":[{"id":2586,"href":"https:\/\/www.ricardomartin.com.br\/index.php?rest_route=\/wp\/v2\/posts\/2585\/revisions\/2586"}],"wp:attachment":[{"href":"https:\/\/www.ricardomartin.com.br\/index.php?rest_route=%2Fwp%2Fv2%2Fmedia&parent=2585"}],"wp:term":[{"taxonomy":"category","embeddable":true,"href":"https:\/\/www.ricardomartin.com.br\/index.php?rest_route=%2Fwp%2Fv2%2Fcategories&post=2585"},{"taxonomy":"post_tag","embeddable":true,"href":"https:\/\/www.ricardomartin.com.br\/index.php?rest_route=%2Fwp%2Fv2%2Ftags&post=2585"}],"curies":[{"name":"wp","href":"https:\/\/api.w.org\/{rel}","templated":true}]}}