{"id":2591,"date":"2020-08-18T00:34:42","date_gmt":"2020-08-18T03:34:42","guid":{"rendered":"http:\/\/www.ricardomartin.com.br\/?p=2591"},"modified":"2020-08-18T00:34:45","modified_gmt":"2020-08-18T03:34:45","slug":"quando-a-crianca-tem-aparencia-de-estrabismo-mas-nao-e","status":"publish","type":"post","link":"https:\/\/www.ricardomartin.com.br\/?p=2591","title":{"rendered":"Quando a crian\u00e7a tem apar\u00eancia de estrabismo, mas n\u00e3o \u00e9!"},"content":{"rendered":"\n<p>Toda crian\u00e7a  deve ser avaliada por um oftalmologista nos primeiros seis meses de  vida. Isso porque os exames nesta fase s\u00e3o muito importantes para  diagnosticar problemas visuais precocemente e proporcionar uma evolu\u00e7\u00e3o  favor\u00e1vel da vis\u00e3o dos pequeninos. Segundo especialistas, qualquer  altera\u00e7\u00e3o pode desmobilizar o mecanismo da vis\u00e3o infantil, por isso o  desenvolvimento ocular deve ser acompanhado por um especialista, o oftalmopediatra.<br><\/p>\n\n\n\n<p>\u00c9 err\u00f4nea a ideia de que a crian\u00e7a deve ser levada ao  oftalmologista somente depois de alfabetizada para conseguir enxergar as letrinhas projetadas \u00e0 sua frente ou no caso de haver dificuldades no  rendimento escolar. O ideal \u00e9 que todos os especialistas que cuidam dos  pequenos, no primeiro ano de vida, deem aten\u00e7\u00e3o aos poss\u00edveis problemas  visuais o quanto antes! \u00c9 preciso estar atento se a crian\u00e7a se aproxima  muito da TV, co\u00e7a os olhos constantemente vermelhos, ou se piscam muito  para eliminar as poss\u00edveis causas desses sintomas. <br>Nos casos de  suspeita de desvio no globo ocular, \u00e9 preciso buscar um oftalmopediatra  porque pode ser um problema no eixo ocular \u2013 estrabismo ou uma falsa  apar\u00eancia de estrabismo (epicanto), que somente o especialista  poder\u00e1 comprovar. A diferen\u00e7a entre eles \u00e9 que o estrabismo n\u00e3o  desaparece com o tempo; os olhos s\u00e3o verdadeiramente desalinhados. <br><\/p>\n\n\n\n<p>O que ele tem \u00e9 pseudoestrabismo (ou epicanto)?<br>O  epicanto \u00e9 uma condi\u00e7\u00e3o em que quest\u00f5es anat\u00f4micas ou funcionais podem  disfar\u00e7ar um desvio nos olhos, se normalizando quando a crian\u00e7a come\u00e7a a  focalizar as imagens, em aproximadamente seis meses. Para melhor  ilustrar o tema, basta pensar numa prega na pele do canto interno do  olho, que encobre a parte branca do \u00f3rg\u00e3o, normalmente ao olhar para os  lados. O caso se apresenta assim que a crian\u00e7a nasce, dando um formato  amendoado para o olho em quest\u00e3o. Pode ser considerado uma anomalia, com  potencial de causar diminui\u00e7\u00e3o da acuidade visual, porque a pele mais  extensa cobre o canto do olho. <br><\/p>\n\n\n\n<p>Como tratar?<br>Pois \u00e9, nestes casos, os olhos n\u00e3o s\u00e3o mal alinhados de verdade, trata-se de uma falsa  apar\u00eancia e por isso vai melhorar com a idade, de acordo com o  estreitamento da prega nasal. As dobras da p\u00e1lpebra v\u00e3o desaparecer! Mas se a partir dos seis meses de idade, a quest\u00e3o persistir, o ideal \u00e9  procurar um oftalmologista para examinar a crian\u00e7a. Neste caso, o olho \u00e9 estr\u00e1bico e deve ser avaliado, e tratado, o mais r\u00e1pido poss\u00edvel para  evitar a perda definitiva da vis\u00e3o ou preju\u00edzo no desenvolvimento  visual, com reflexo na vida pessoal do paciente.<br><\/p>\n\n\n\n<p>Fonte: Revista Veja Bem <\/p>\n","protected":false},"excerpt":{"rendered":"<p>Toda crian\u00e7a deve ser avaliada por um oftalmologista nos primeiros seis meses de vida. Isso porque os exames nesta fase s\u00e3o muito importantes para diagnosticar problemas visuais precocemente e proporcionar uma evolu\u00e7\u00e3o favor\u00e1vel da vis\u00e3o dos pequeninos. Segundo especialistas, qualquer altera\u00e7\u00e3o pode desmobilizar o mecanismo da vis\u00e3o infantil, por isso o desenvolvimento ocular deve ser [&hellip;]<\/p>\n","protected":false},"author":1,"featured_media":0,"comment_status":"open","ping_status":"open","sticky":false,"template":"","format":"standard","meta":[],"categories":[38],"tags":[],"gutentor_comment":5,"_links":{"self":[{"href":"https:\/\/www.ricardomartin.com.br\/index.php?rest_route=\/wp\/v2\/posts\/2591"}],"collection":[{"href":"https:\/\/www.ricardomartin.com.br\/index.php?rest_route=\/wp\/v2\/posts"}],"about":[{"href":"https:\/\/www.ricardomartin.com.br\/index.php?rest_route=\/wp\/v2\/types\/post"}],"author":[{"embeddable":true,"href":"https:\/\/www.ricardomartin.com.br\/index.php?rest_route=\/wp\/v2\/users\/1"}],"replies":[{"embeddable":true,"href":"https:\/\/www.ricardomartin.com.br\/index.php?rest_route=%2Fwp%2Fv2%2Fcomments&post=2591"}],"version-history":[{"count":1,"href":"https:\/\/www.ricardomartin.com.br\/index.php?rest_route=\/wp\/v2\/posts\/2591\/revisions"}],"predecessor-version":[{"id":2592,"href":"https:\/\/www.ricardomartin.com.br\/index.php?rest_route=\/wp\/v2\/posts\/2591\/revisions\/2592"}],"wp:attachment":[{"href":"https:\/\/www.ricardomartin.com.br\/index.php?rest_route=%2Fwp%2Fv2%2Fmedia&parent=2591"}],"wp:term":[{"taxonomy":"category","embeddable":true,"href":"https:\/\/www.ricardomartin.com.br\/index.php?rest_route=%2Fwp%2Fv2%2Fcategories&post=2591"},{"taxonomy":"post_tag","embeddable":true,"href":"https:\/\/www.ricardomartin.com.br\/index.php?rest_route=%2Fwp%2Fv2%2Ftags&post=2591"}],"curies":[{"name":"wp","href":"https:\/\/api.w.org\/{rel}","templated":true}]}}