{"id":427,"date":"2014-03-27T10:42:13","date_gmt":"2014-03-27T13:42:13","guid":{"rendered":"http:\/\/198.136.59.242\/~ricardomartincom\/?p=427"},"modified":"2014-03-27T10:42:13","modified_gmt":"2014-03-27T13:42:13","slug":"uso-incorreto-das-lentes-de-contato-pode-prejudicar-visao","status":"publish","type":"post","link":"https:\/\/www.ricardomartin.com.br\/?p=427","title":{"rendered":"Uso incorreto das lentes de contato pode prejudicar a vis\u00e3o"},"content":{"rendered":"<p><strong>Lentes de contato<\/strong>est\u00e3o cada vez mais comuns entre os brasileiros. E podem representar um perigo se n\u00e3o forem usadas de maneira correta, elas podem causar <strong>infec\u00e7\u00f5es<\/strong> e at\u00e9 mesmo <strong>doen\u00e7as graves na vis\u00e3o<\/strong>.<\/p>\n<p>Uma das principais dicas para quem usa <strong>lentes de contato<\/strong> \u00e9 lavar as m\u00e3os antes de manuse\u00e1-las e, na hora de tirar, \u00e9 s\u00f3 afastar as <strong>p\u00e1lpebras<\/strong> e remover. Depois de removida, \u00e9 preciso higieniz\u00e1-la com uma solu\u00e7\u00e3o espec\u00edfica e coloc\u00e1-la de volta no estojo. \u00c9 importante lembrar que n\u00e3o se pode usar qualquer produto na hora da higieniza\u00e7\u00e3o, \u00e9 preciso usar produtos que eliminam as <strong>bact\u00e9rias<\/strong> e n\u00e3o permitem o <strong>ac\u00famulo de micro-organismos<\/strong>.<\/p>\n<p>Vale ressaltar tamb\u00e9m que <strong>as lentes de contato t\u00eam<\/strong> <strong>prazo de validade<\/strong> e se n\u00e3o respeitar esse prazo pode ser perigoso &#8211; algumas duram apenas um dia, outras quinze dias e existem ainda aquelas que duram um m\u00eas, mas essas n\u00e3o podem ficar direto no olho e precisam ser retiradas e limpas.<\/p>\n<p>Muita gente dorme com as lentes de contato e existem produtos espec\u00edficos para o sono, por isso, \u00e9 sempre bom <strong>pedir orienta\u00e7\u00e3o ao seu oftalmologista<\/strong>. No entanto, de maneira geral, a recomenda\u00e7\u00e3o \u00e9 <strong>evitar dormir com as lentes de contato nos olhos<\/strong>.<\/p>\n<p>Com o tempo, subst\u00e2ncias se depositam nas lentes e prejudicam seu funcionamento, podendo deixar a <strong>vis\u00e3o distorcida<\/strong> e causar infec\u00e7\u00f5es. Dessa forma, se as lentes de contato forem usadas da maneira errada, elas podem ainda <strong>inflamar os olhos<\/strong> e levar a <strong>altera\u00e7\u00f5es oculares<\/strong> como a <strong>conjuntivite<\/strong>.<\/p>\n<p>&nbsp;<\/p>\n<p><strong>Leia mais:<\/strong><\/p>\n<p><strong><a href=\"http:\/\/www.ricardomartin.com.br\/noticias\/alergias-oculares-exigem-atencao-especial\">Alergias oculares exigem aten\u00e7\u00e3o especial<\/a><\/strong><\/p>\n<p><strong><a href=\"http:\/\/www.ricardomartin.com.br\/noticias\/o-uso-de-computador-afeta-a-visao\">O uso de computador afeta a vis\u00e3o?<\/a><\/strong><\/p>\n<p><strong><a href=\"http:\/\/www.ricardomartin.com.br\/noticias\/dor-de-cabeca-e-sensibilidade-a-luz-podem-indicar-problemas-de-visao\">Dor de cabe\u00e7a e sensibilidade \u00e0 luz podem indicar problemas de vis\u00e3o<\/a><\/strong><\/p>\n","protected":false},"excerpt":{"rendered":"<p>Lentes de contato vencidas ou mal higienizadas podem causar altera\u00e7\u00f5es nos olhos. <\/p>\n","protected":false},"author":1,"featured_media":0,"comment_status":"open","ping_status":"open","sticky":false,"template":"","format":"standard","meta":[],"categories":[38],"tags":[],"gutentor_comment":1,"_links":{"self":[{"href":"https:\/\/www.ricardomartin.com.br\/index.php?rest_route=\/wp\/v2\/posts\/427"}],"collection":[{"href":"https:\/\/www.ricardomartin.com.br\/index.php?rest_route=\/wp\/v2\/posts"}],"about":[{"href":"https:\/\/www.ricardomartin.com.br\/index.php?rest_route=\/wp\/v2\/types\/post"}],"author":[{"embeddable":true,"href":"https:\/\/www.ricardomartin.com.br\/index.php?rest_route=\/wp\/v2\/users\/1"}],"replies":[{"embeddable":true,"href":"https:\/\/www.ricardomartin.com.br\/index.php?rest_route=%2Fwp%2Fv2%2Fcomments&post=427"}],"version-history":[{"count":0,"href":"https:\/\/www.ricardomartin.com.br\/index.php?rest_route=\/wp\/v2\/posts\/427\/revisions"}],"wp:attachment":[{"href":"https:\/\/www.ricardomartin.com.br\/index.php?rest_route=%2Fwp%2Fv2%2Fmedia&parent=427"}],"wp:term":[{"taxonomy":"category","embeddable":true,"href":"https:\/\/www.ricardomartin.com.br\/index.php?rest_route=%2Fwp%2Fv2%2Fcategories&post=427"},{"taxonomy":"post_tag","embeddable":true,"href":"https:\/\/www.ricardomartin.com.br\/index.php?rest_route=%2Fwp%2Fv2%2Ftags&post=427"}],"curies":[{"name":"wp","href":"https:\/\/api.w.org\/{rel}","templated":true}]}}