{"id":429,"date":"2014-04-03T10:44:00","date_gmt":"2014-04-03T13:44:00","guid":{"rendered":"http:\/\/198.136.59.242\/~ricardomartincom\/?p=429"},"modified":"2014-04-03T10:44:00","modified_gmt":"2014-04-03T13:44:00","slug":"entenda-o-que-e-dmri","status":"publish","type":"post","link":"https:\/\/www.ricardomartin.com.br\/?p=429","title":{"rendered":"Entenda o que \u00e9 a DMRI"},"content":{"rendered":"<p>A <strong>Degenera\u00e7\u00e3o Senil de M\u00e1cula<\/strong> (DSM) ou <strong>Doen\u00e7a Macular Relacionada \u00e0 Idade<\/strong> (DMRI) \u00e9 uma doen\u00e7a silenciosa que afeta diretamente a\u00a0<strong>m\u00e1cula<\/strong>, regi\u00e3o central e mais nobre da retina, respons\u00e1vel pela capta\u00e7\u00e3o de imagens centrais e detalhadas que permitem \u00e0s pessoas enxergar tudo o que est\u00e1 \u00e0 sua frente, al\u00e9m de possibilitar a vis\u00e3o de cores.<\/p>\n<p>A DMRI causa, inicialmente, desconfortos e <strong>dificuldades de vis\u00e3o<\/strong> que, muitas vezes, podem ser confundidas com uma simples baixa de vis\u00e3o devido \u00e0 idade ou ao processo de envelhecimento. Em outros casos, pode passar despercebida pelo paciente, j\u00e1 que um olho compensa a defici\u00eancia do outro. Com a progress\u00e3o da doen\u00e7a, uma mancha escura se instala na vis\u00e3o central e o idoso passa a ver imagens distorcidas e com linhas embaralhadas.<\/p>\n<p>Segundo a Sociedade Brasileira de Retina e V\u00edtreo (SBRV), a DMRI \u00e9 a principal\u00a0<strong>causa de cegueira<\/strong>\u00a0mundial em pessoas acima dos 50 anos. Fatores como exposi\u00e7\u00e3o \u00e0 radia\u00e7\u00e3o ultravioleta (luz solar) e tabagismo desempenham um papel nocivo sobre a <strong>degenera\u00e7\u00e3o<\/strong>.<\/p>\n<p><strong>Dificuldades de vis\u00e3o<\/strong>n\u00e3o devem ser encaradas como uma consequ\u00eancia natural da idade e, diante de qualquer <strong>sinal de altera\u00e7\u00e3o visual<\/strong>, o seu <strong>oftalmologista<\/strong> deve ser procurado. O diagn\u00f3stico precoce \u00e9 fundamental para um tratamento adequado da <strong>degenera\u00e7\u00e3o macular relacionada \u00e0 idade<\/strong>.<\/p>\n<p>&nbsp;<\/p>\n<p><strong>Leia mais:<\/strong><\/p>\n<p><strong><a href=\"http:\/\/www.ricardomartin.com.br\/noticias\/alergias-oculares-exigem-atencao-especial\">Alergias oculares exigem aten\u00e7\u00e3o especial<\/a><\/strong><\/p>\n<p><strong><a href=\"http:\/\/www.ricardomartin.com.br\/noticias\/o-uso-de-computador-afeta-a-visao\">O uso de computador afeta a vis\u00e3o?<\/a><\/strong><\/p>\n<p><strong><a href=\"http:\/\/www.ricardomartin.com.br\/noticias\/uso-incorreto-das-lentes-de-contato-pode-prejudicar-a-visao\">Uso incorreto das lentes de contato pode prejudicar a vis\u00e3o<\/a><\/strong><\/p>\n","protected":false},"excerpt":{"rendered":"<p>A degenera\u00e7\u00e3o macular relacionado \u00e0 idade \u00e9 uma doen\u00e7a ocular que lentamente destr\u00f3i a vis\u00e3o central apurada e torna dif\u00edcil enxergar pequenos detalhes e ler<\/p>\n","protected":false},"author":1,"featured_media":0,"comment_status":"open","ping_status":"open","sticky":false,"template":"","format":"standard","meta":[],"categories":[38],"tags":[],"gutentor_comment":0,"_links":{"self":[{"href":"https:\/\/www.ricardomartin.com.br\/index.php?rest_route=\/wp\/v2\/posts\/429"}],"collection":[{"href":"https:\/\/www.ricardomartin.com.br\/index.php?rest_route=\/wp\/v2\/posts"}],"about":[{"href":"https:\/\/www.ricardomartin.com.br\/index.php?rest_route=\/wp\/v2\/types\/post"}],"author":[{"embeddable":true,"href":"https:\/\/www.ricardomartin.com.br\/index.php?rest_route=\/wp\/v2\/users\/1"}],"replies":[{"embeddable":true,"href":"https:\/\/www.ricardomartin.com.br\/index.php?rest_route=%2Fwp%2Fv2%2Fcomments&post=429"}],"version-history":[{"count":0,"href":"https:\/\/www.ricardomartin.com.br\/index.php?rest_route=\/wp\/v2\/posts\/429\/revisions"}],"wp:attachment":[{"href":"https:\/\/www.ricardomartin.com.br\/index.php?rest_route=%2Fwp%2Fv2%2Fmedia&parent=429"}],"wp:term":[{"taxonomy":"category","embeddable":true,"href":"https:\/\/www.ricardomartin.com.br\/index.php?rest_route=%2Fwp%2Fv2%2Fcategories&post=429"},{"taxonomy":"post_tag","embeddable":true,"href":"https:\/\/www.ricardomartin.com.br\/index.php?rest_route=%2Fwp%2Fv2%2Ftags&post=429"}],"curies":[{"name":"wp","href":"https:\/\/api.w.org\/{rel}","templated":true}]}}