{"id":690,"date":"2016-08-29T17:38:59","date_gmt":"2016-08-29T20:38:59","guid":{"rendered":"http:\/\/198.136.59.242\/~ricardomartincom\/?p=690"},"modified":"2016-08-29T17:38:59","modified_gmt":"2016-08-29T20:38:59","slug":"29-de-agosto-dia-nacional-de-combate-ao-fumo","status":"publish","type":"post","link":"https:\/\/www.ricardomartin.com.br\/?p=690","title":{"rendered":"29 de agosto, Dia Nacional de Combate ao Fumo"},"content":{"rendered":"<p>No dia 29 de agosto \u00e9 comemorado, no Brasil, o Dia Nacional de Combate ao Fumo, uma data institu\u00edda em 1986 pela lei n\u00ba 7488, que foi criada com o objetivo de conscientizar e mobilizar a popula\u00e7\u00e3o sobre os riscos decorrentes do uso do cigarro.<\/p>\n<p>De acordo com a Organiza\u00e7\u00e3o Mundial de Sa\u00fade (OMS), o tabagismo \u00e9 a principal causa de morte evit\u00e1vel no planeta, sendo considerado, portanto, um problema de sa\u00fade p\u00fablica. Estima-se que ocorram, a cada ano, 125.000 mortes no pa\u00eds por doen\u00e7as associadas ao fumo.<\/p>\n<p>O cigarro pode causar diferentes tipos de c\u00e2ncer, doen\u00e7as cardiovasculares, doen\u00e7as respirat\u00f3rias, impot\u00eancia sexual no homem, infertilidade na mulher, osteoporose, <strong>catarata <\/strong>e outros 50 tipos diferentes de doen\u00e7as. Confira <strong><a href=\"http:\/\/www.ricardomartin.com.br\/noticias\/-tabaco-tambem-poe-em-risco-a-saude-dos-seus-olhos\" target=\"_blank\" rel=\"noopener noreferrer\">neste texto<\/a><\/strong> os malef\u00edcios que o tabaco podem causar aos olhos.<\/p>\n<p>Vale destacar que, o ciclo de produ\u00e7\u00e3o do cigarro, envolve outros fatores de risco a sa\u00fade e ao meio-ambiente, tendo em vista o uso de agrot\u00f3xicos, desmatamento, inc\u00eandios, res\u00edduos urbanos e marinhos.<\/p>\n<p>Dados do Minist\u00e9rio da Sa\u00fade apontam que o percentual de fumantes caiu 28% nos \u00faltimos oito anos no Brasil, em decorr\u00eancia de a\u00e7\u00f5es de controle do tabaco implementadas no pa\u00eds. A expectativa \u00e9 que esse \u00edndice diminua ainda mais com a ades\u00e3o \u00e0s campanhas incentivando a cessa\u00e7\u00e3o do uso do tabaco. Elas foram institu\u00eddas pela Organiza\u00e7\u00e3o Mundial da Sa\u00fade, e pela regulamenta\u00e7\u00e3o de leis, como \u00e9 o caso da lei federal 12.546, que pro\u00edbe fumar em locais fechados e de uso coletivo em todo territ\u00f3rio nacional, medida adotada para proteger a popula\u00e7\u00e3o dos riscos do tabagismo passivo em ambientes p\u00fablicos, locais de trabalho e meios de transporte.<\/p>\n<p>Existem diversos m\u00e9todos para deixar de fumar e procurar a ajuda profissional ir\u00e1 elevar as chances de cessar o fumo e far\u00e1 com que o processo seja mais f\u00e1cil.<\/p>\n<p>&nbsp;<\/p>\n<p><strong>LEIA TAMB\u00c9M:<\/strong><\/p>\n<p><a href=\"http:\/\/www.ricardomartin.com.br\/noticias\/-tabaco-tambem-poe-em-risco-a-saude-dos-seus-olhos\" target=\"_blank\" rel=\"noopener noreferrer\">TABACO TAMB\u00c9M P\u00d5E EM RISCO A SA\u00daDE DOS SEUS OLHOS<\/a><\/p>\n<p><a href=\"http:\/\/www.ricardomartin.com.br\/noticias\/saiba-mais-sobre-a-presbiopia\" target=\"_blank\" rel=\"noopener noreferrer\">SAIBA MAIS SOBRE A PRESBIOPIA<\/a><\/p>\n<p><a href=\"http:\/\/www.ricardomartin.com.br\/noticias\/tecnologia-a-favor-do-esporte-nas-olimpiadas-rio-2016\" target=\"_blank\" rel=\"noopener noreferrer\">TECNOLOGIA A FAVOR DO ESPORTE NAS OL\u00cdMPIADAS RIO 2016<\/a><\/p>\n","protected":false},"excerpt":{"rendered":"<p>29 de agosto, data criada com o objetivo de conscientizar e mobilizar a popula\u00e7\u00e3o sobre os riscos decorrentes do uso do cigarro. Saiba mais&#8230;<\/p>\n","protected":false},"author":1,"featured_media":0,"comment_status":"open","ping_status":"open","sticky":false,"template":"","format":"standard","meta":[],"categories":[38],"tags":[],"gutentor_comment":1,"_links":{"self":[{"href":"https:\/\/www.ricardomartin.com.br\/index.php?rest_route=\/wp\/v2\/posts\/690"}],"collection":[{"href":"https:\/\/www.ricardomartin.com.br\/index.php?rest_route=\/wp\/v2\/posts"}],"about":[{"href":"https:\/\/www.ricardomartin.com.br\/index.php?rest_route=\/wp\/v2\/types\/post"}],"author":[{"embeddable":true,"href":"https:\/\/www.ricardomartin.com.br\/index.php?rest_route=\/wp\/v2\/users\/1"}],"replies":[{"embeddable":true,"href":"https:\/\/www.ricardomartin.com.br\/index.php?rest_route=%2Fwp%2Fv2%2Fcomments&post=690"}],"version-history":[{"count":0,"href":"https:\/\/www.ricardomartin.com.br\/index.php?rest_route=\/wp\/v2\/posts\/690\/revisions"}],"wp:attachment":[{"href":"https:\/\/www.ricardomartin.com.br\/index.php?rest_route=%2Fwp%2Fv2%2Fmedia&parent=690"}],"wp:term":[{"taxonomy":"category","embeddable":true,"href":"https:\/\/www.ricardomartin.com.br\/index.php?rest_route=%2Fwp%2Fv2%2Fcategories&post=690"},{"taxonomy":"post_tag","embeddable":true,"href":"https:\/\/www.ricardomartin.com.br\/index.php?rest_route=%2Fwp%2Fv2%2Ftags&post=690"}],"curies":[{"name":"wp","href":"https:\/\/api.w.org\/{rel}","templated":true}]}}