{"id":696,"date":"2016-09-22T17:50:36","date_gmt":"2016-09-22T20:50:36","guid":{"rendered":"http:\/\/198.136.59.242\/~ricardomartincom\/?p=696"},"modified":"2016-09-22T17:50:36","modified_gmt":"2016-09-22T20:50:36","slug":"prevencao-e-cuidados-diarios-com-os-olhos","status":"publish","type":"post","link":"https:\/\/www.ricardomartin.com.br\/?p=696","title":{"rendered":"Preven\u00e7\u00e3o e cuidados di\u00e1rios com os olhos"},"content":{"rendered":"<p>Assim como se previne doen\u00e7as do corpo com algumas atitudes saud\u00e1veis, tamb\u00e9m se pode prevenir as doen\u00e7as oculares.<\/p>\n<p>Listamos abaixo alguns cuidados b\u00e1sicos e preventivos para que se evitem os problemas que causem mal \u00e0 vis\u00e3o:<\/p>\n<p><strong>Cuidados com a higiene<\/strong><\/p>\n<p>Para evitar as infec\u00e7\u00f5es nos olhos e infec\u00e7\u00f5es como as conjuntivites infecciosas, as precau\u00e7\u00f5es indicadas s\u00e3o de lavar as m\u00e3os com frequ\u00eancia, evitar tocar ou co\u00e7ar os olhos, n\u00e3o compartilhar toalhas, fronhas, maquiagem, col\u00edrios, entre outros produtos de uso pessoal.<\/p>\n<p><strong>Cuidados na inf\u00e2ncia<\/strong><\/p>\n<p>O desenvolvimento visual ocorre na primeira inf\u00e2ncia, ou seja, at\u00e9 os 7 anos de idade e as interven\u00e7\u00f5es necess\u00e1rias devem iniciar o mais precocemente poss\u00edvel. Os pais devem observar os olhos dos seus filhos e encaminha-los ao oftalmologista ao notar qualquer altera\u00e7\u00e3o de cor, tamanho ou lacrimejamento excessivo.<\/p>\n<p><strong>\u00d3culos de sol<\/strong><\/p>\n<p>Os \u00f3culos de sol devem ser usados por adultos e crian\u00e7as desde que tenham prote\u00e7\u00e3o de 99% a 100% contra os raios UVA e UVB e bloquear pelo menos 75% da luz percebida pelos olhos. Os \u00f3culos escuros de m\u00e1 qualidade exp\u00f5em ainda mais os olhos porque promovem a dilata\u00e7\u00e3o da pupila favorecendo a entrada dos raios de luz.<\/p>\n<p><strong>Medida da press\u00e3o intraocular<\/strong><\/p>\n<p>\u00c9 importante que todas as pessoas acompanhem e procurem medir a press\u00e3o intraocular pelo menos uma vez por ano, principalmente se houver casos de glaucoma na fam\u00edlia e ap\u00f3s os 40 anos.<\/p>\n<p><strong>Utiliza\u00e7\u00e3o de lentes de contato<\/strong><\/p>\n<p>Cuidados com a utiliza\u00e7\u00e3o das lentes de contato s\u00e3o fundamentais para garantir a sa\u00fade ocular. Dentre eles:<\/p>\n<p>\u2022 Lavar as m\u00e3os com \u00e1gua e sab\u00e3o antes do manuseio<\/p>\n<p>\u2022 Higienizar as lentes com produtos adequados<\/p>\n<p>\u2022 Utilizar a lente pelo tempo indicado<\/p>\n<p>\u2022 Manter o estojo para lente de contato limpo<\/p>\n<p>\u2022 N\u00e3o emprestar as lentes ou usar de outras pessoas<\/p>\n<p>\u2022 Qualquer irrita\u00e7\u00e3o ou altera\u00e7\u00e3o ocular procurar o oftalmologista<\/p>\n<p>&nbsp;<\/p>\n<p><strong>LEIA TAMB\u00c9M:<\/strong><\/p>\n<div><a href=\"http:\/\/%20http\/\/www.ricardomartin.com.br\/noticias\/beneficios-da-caminhada\" target=\"_blank\" rel=\"noopener noreferrer\">BENEF\u00cdCIOS DA CAMINHADA<\/a><\/div>\n<div><\/div>\n<div><a href=\"http:\/\/%20http\/\/www.ricardomartin.com.br\/noticias\/alimentos-amigos-da-saude-ocular\" target=\"_blank\" rel=\"noopener noreferrer\">ALIMENTOS AMIGOS DA SA\u00daDE OCULAR<\/a><\/div>\n<div><\/div>\n<div><a href=\"http:\/\/www.ricardomartin.com.br\/noticias\/29-de-agosto-dia-nacional-de-combate-ao-fumo-\" target=\"_blank\" rel=\"noopener noreferrer\">29 DE AGOSTO, DIA NACIONAL DE COMBATE AO FUMO<\/a><\/div>\n","protected":false},"excerpt":{"rendered":"<p>Assim como se previne doen\u00e7as do corpo com algumas atitudes saud\u00e1veis, tamb\u00e9m se pode prevenir as doen\u00e7as oculares. Saiba mais&#8230;<\/p>\n","protected":false},"author":1,"featured_media":0,"comment_status":"open","ping_status":"open","sticky":false,"template":"","format":"standard","meta":[],"categories":[38],"tags":[],"gutentor_comment":0,"_links":{"self":[{"href":"https:\/\/www.ricardomartin.com.br\/index.php?rest_route=\/wp\/v2\/posts\/696"}],"collection":[{"href":"https:\/\/www.ricardomartin.com.br\/index.php?rest_route=\/wp\/v2\/posts"}],"about":[{"href":"https:\/\/www.ricardomartin.com.br\/index.php?rest_route=\/wp\/v2\/types\/post"}],"author":[{"embeddable":true,"href":"https:\/\/www.ricardomartin.com.br\/index.php?rest_route=\/wp\/v2\/users\/1"}],"replies":[{"embeddable":true,"href":"https:\/\/www.ricardomartin.com.br\/index.php?rest_route=%2Fwp%2Fv2%2Fcomments&post=696"}],"version-history":[{"count":0,"href":"https:\/\/www.ricardomartin.com.br\/index.php?rest_route=\/wp\/v2\/posts\/696\/revisions"}],"wp:attachment":[{"href":"https:\/\/www.ricardomartin.com.br\/index.php?rest_route=%2Fwp%2Fv2%2Fmedia&parent=696"}],"wp:term":[{"taxonomy":"category","embeddable":true,"href":"https:\/\/www.ricardomartin.com.br\/index.php?rest_route=%2Fwp%2Fv2%2Fcategories&post=696"},{"taxonomy":"post_tag","embeddable":true,"href":"https:\/\/www.ricardomartin.com.br\/index.php?rest_route=%2Fwp%2Fv2%2Ftags&post=696"}],"curies":[{"name":"wp","href":"https:\/\/api.w.org\/{rel}","templated":true}]}}